{"id":4515,"date":"2021-10-26T13:51:24","date_gmt":"2021-10-26T11:51:24","guid":{"rendered":"https:\/\/www.louisbontemps.com\/?post_type=phort_post&#038;p=4515"},"modified":"2025-07-14T16:05:11","modified_gmt":"2025-07-14T14:05:11","slug":"corpo","status":"publish","type":"phort_post","link":"https:\/\/www.louisbontemps.com\/en\/portfolio\/corpo\/","title":{"rendered":"Corporate photos"},"content":{"rendered":"<p class=\"has-text-align-center\">A selection of photos shot for non-profits and small businesses<\/p>\n\n\n\n<div style=\"visibility: hidden\"><p>Photographe, Bretagne, C\u00f4tes d&rsquo;Armor, Saint-Brieuc, Brest, Rennes, Vannes, Lorient, Carhaix, Morlaix, Quimper, Photo, reportage, entreprise, artisan<\/p> <\/div>","protected":false},"excerpt":{"rendered":"<p>S\u00e9lection de photos r\u00e9alis\u00e9es dans le cadre de commandes pour des associations et des entreprises Photographe, Bretagne, C\u00f4tes d&rsquo;Armor, Saint-Brieuc, Brest, Rennes, Vannes, Lorient, Carhaix, Morlaix, Quimper, Photo, reportage, entreprise, artisan<\/p>","protected":false},"featured_media":5508,"template":"","meta":[],"class_list":["post-4515","phort_post","type-phort_post","status-publish","has-post-thumbnail","hentry","phort_post_category-institutionnel","has-thumbnail"],"_links":{"self":[{"href":"https:\/\/www.louisbontemps.com\/en\/wp-json\/wp\/v2\/phort_post\/4515","targetHints":{"allow":["GET"]}}],"collection":[{"href":"https:\/\/www.louisbontemps.com\/en\/wp-json\/wp\/v2\/phort_post"}],"about":[{"href":"https:\/\/www.louisbontemps.com\/en\/wp-json\/wp\/v2\/types\/phort_post"}],"wp:featuredmedia":[{"embeddable":true,"href":"https:\/\/www.louisbontemps.com\/en\/wp-json\/wp\/v2\/media\/5508"}],"wp:attachment":[{"href":"https:\/\/www.louisbontemps.com\/en\/wp-json\/wp\/v2\/media?parent=4515"}],"curies":[{"name":"wp","href":"https:\/\/api.w.org\/{rel}","templated":true}]}}