{"id":4889,"date":"2022-09-14T19:37:39","date_gmt":"2022-09-14T17:37:39","guid":{"rendered":"https:\/\/www.louisbontemps.com\/?post_type=phort_post&#038;p=4889"},"modified":"2023-11-16T11:38:53","modified_gmt":"2023-11-16T10:38:53","slug":"la-vie-dedans","status":"publish","type":"phort_post","link":"https:\/\/www.louisbontemps.com\/en\/portfolio\/la-vie-dedans\/","title":{"rendered":"Life inside"},"content":{"rendered":"<h3 class=\"wp-block-heading\">Portraits of people detained, close to their liberation<\/h3>\n\n\n\n<p class=\"has-text-align-left\">The end of detention: the closer it is, the farther it seems to be. For Ili\u00e8s, Jordan, Jean, Olivier, Hakim, the last weeks or months before freedom seem to distort time.<\/p>\n\n\n\n<p class=\"has-text-align-left\">Engaged in a work-based reintegration programme, they work with their carers and integration advisers to draw up their future prospects. These prospects are as much a source of hope as they are of anxiety. They get their first taste of freedom in an enclosed space where everything is still dictated to them. Their days are divided between a workshop for reusing supermarket shopping bags and their cells. Sometimes they have access to cultural or sporting activities. But all they can think about is getting out. &nbsp;<\/p>\n\n\n\n<p class=\"has-text-align-left\">Through their eyes and postures, they bear witness to the wait, which in reality has been going on since day one. They are also marked by the violence that is part of their daily lives. Their bodies and minds give us a glimpse of the scars left by the prison world, but also of the moments of joy and sharing that help us to endure.<\/p>\n\n\n\n<p class=\"has-text-align-left\">For the duration of a portrait, these male prisoners take charge of their image and take possession of what they want to show.  These photos were taken as part of their participation in an introduction to photography with the \"APRES\" prison integration workshop at the Meaux-Chauconin prison in 2022.<\/p>","protected":false},"excerpt":{"rendered":"<p>Portraits de personnes d\u00e9tenues en instance de lib\u00e9ration La sortie de d\u00e9tention&nbsp;: plus elle approche, plus elle semble s\u2019\u00e9loigner. Pour Ili\u00e8s*, Jordan*, Jean*, Olivier*, Hakim*, les derni\u00e8res semaines ou mois avant la lib\u00e9ration semblent d\u00e9former le temps. Engag\u00e9s dans un programme de r\u00e9insertion par le travail, ils dessinent des perspectives d\u2019avenir avec leurs accompagnants et [&hellip;]<\/p>\n","protected":false},"featured_media":5231,"template":"","meta":[],"class_list":["post-4889","phort_post","type-phort_post","status-publish","has-post-thumbnail","hentry","phort_post_category-prison","phort_post_category-reportages","has-thumbnail"],"_links":{"self":[{"href":"https:\/\/www.louisbontemps.com\/en\/wp-json\/wp\/v2\/phort_post\/4889","targetHints":{"allow":["GET"]}}],"collection":[{"href":"https:\/\/www.louisbontemps.com\/en\/wp-json\/wp\/v2\/phort_post"}],"about":[{"href":"https:\/\/www.louisbontemps.com\/en\/wp-json\/wp\/v2\/types\/phort_post"}],"wp:featuredmedia":[{"embeddable":true,"href":"https:\/\/www.louisbontemps.com\/en\/wp-json\/wp\/v2\/media\/5231"}],"wp:attachment":[{"href":"https:\/\/www.louisbontemps.com\/en\/wp-json\/wp\/v2\/media?parent=4889"}],"curies":[{"name":"wp","href":"https:\/\/api.w.org\/{rel}","templated":true}]}}